{"id":1543,"date":"2017-07-03T12:07:42","date_gmt":"2017-07-03T10:07:42","guid":{"rendered":"http:\/\/www.sediadaufficio.it\/blog\/?p=1543"},"modified":"2017-07-03T12:07:42","modified_gmt":"2017-07-03T10:07:42","slug":"7-sedie-per-bambini-cameretta","status":"publish","type":"post","link":"https:\/\/www.sediadaufficio.it\/blog\/7-sedie-per-bambini-cameretta","title":{"rendered":"7 sedie per bambini per 7 tipi di cameretta"},"content":{"rendered":"<p>La scelta dello <strong>stile di arredamento per la stanza dei bambini<\/strong> \u00e8 un\u2019occasione speciale: la cameretta sar\u00e0 infatti il teatro delle loro<strong> avventure di fantasia<\/strong>, il luogo in cui si rifugeranno per il riposo e la riflessione, il covo per i giochi e le confidenze con gli amici&#8230; e, oltre a questo, anche uno spazio tranquillo per <strong>leggere e fare i compiti<\/strong>.<\/p>\n<p>Ogni elemento \u00e8 importante. Oltre allo stile, prendi in considerazione il <strong>benessere<\/strong> dei pi\u00f9 piccoli, soprattutto quando compri <a href=\"\/\/www.sediadaufficio.it\/sedie-scrivania-per-bambini.html\"><strong>sedie per bambini<\/strong><\/a> da abbinare alla scrivania. Ecco qualche idea alla quale ispirarsi per arredare la cameretta: mettiamo a confronto <strong>sette diversi stili e sette sedie per bambini<\/strong> disponibili sul nostro sito, sta a te trovare la combinazione giusta scegliendola insieme ai piccoli di casa!<\/p>\n<h2><strong>1) Sedie per bambini per una cameretta sportiva e dinamica<\/strong><\/h2>\n<p style=\"text-align: center;\"><a href=\"\/\/www.sediadaufficio.it\/blog\/wp-content\/uploads\/2017\/07\/1-Sportivo-sedie-per-bambini.jpg\"><img loading=\"lazy\" decoding=\"async\" class=\"alignnone size-medium wp-image-1546\" src=\"\/\/www.sediadaufficio.it\/blog\/wp-content\/uploads\/2017\/07\/1-Sportivo-sedie-per-bambini-300x225.jpg\" alt=\"Stile sportivo cameretta - sedie per bambini\" width=\"300\" height=\"225\" srcset=\"https:\/\/www.sediadaufficio.it\/blog\/wp-content\/uploads\/2017\/07\/1-Sportivo-sedie-per-bambini-300x225.jpg 300w, https:\/\/www.sediadaufficio.it\/blog\/wp-content\/uploads\/2017\/07\/1-Sportivo-sedie-per-bambini-768x576.jpg 768w, https:\/\/www.sediadaufficio.it\/blog\/wp-content\/uploads\/2017\/07\/1-Sportivo-sedie-per-bambini.jpg 970w\" sizes=\"(max-width: 300px) 100vw, 300px\" \/><\/a><a href=\"\/\/www.sediadaufficio.it\/blog\/wp-content\/uploads\/2017\/07\/1-GOKU-sedie-per-bambini.jpg\"><img loading=\"lazy\" decoding=\"async\" class=\"alignnone size-medium wp-image-1545\" src=\"\/\/www.sediadaufficio.it\/blog\/wp-content\/uploads\/2017\/07\/1-GOKU-sedie-per-bambini-300x300.jpg\" alt=\"Sedie per bambini - GOKU stile sportivo gaming\" width=\"300\" height=\"300\" srcset=\"https:\/\/www.sediadaufficio.it\/blog\/wp-content\/uploads\/2017\/07\/1-GOKU-sedie-per-bambini-300x300.jpg 300w, https:\/\/www.sediadaufficio.it\/blog\/wp-content\/uploads\/2017\/07\/1-GOKU-sedie-per-bambini-150x150.jpg 150w, https:\/\/www.sediadaufficio.it\/blog\/wp-content\/uploads\/2017\/07\/1-GOKU-sedie-per-bambini-768x768.jpg 768w, https:\/\/www.sediadaufficio.it\/blog\/wp-content\/uploads\/2017\/07\/1-GOKU-sedie-per-bambini-1024x1024.jpg 1024w, https:\/\/www.sediadaufficio.it\/blog\/wp-content\/uploads\/2017\/07\/1-GOKU-sedie-per-bambini.jpg 1200w\" sizes=\"(max-width: 300px) 100vw, 300px\" \/><\/a><\/p>\n<p>Colori vivaci, tanto spazio per i giocattoli e pareti decorate con i poster del calciatore (o ginnasta, o pilota di rally, o pallavolista&#8230;) preferito: non possono mancare in una stanza per bambini super attivi e <strong>amanti dello sport<\/strong>. La sedia per la scrivania da bambini perfetta sar\u00e0 un modello dal <strong>design moderno e giocoso<\/strong>, ma anche comoda abbastanza per invitare anche i pi\u00f9 frenetici a stare seduti per l\u2019ora dei compiti: per esempio la nostra <a href=\"\/\/www.sediadaufficio.it\/sedia-sportiva-per-bambini-modello-goku-molto-robusta-in-pelle-con-braccioli-colore-giallonero.html\">GOKU<\/a>.<\/p>\n<h2><strong>2) Sedie per bambini per una cameretta a tutta fantasia<\/strong><\/h2>\n<p style=\"text-align: center;\"><a href=\"\/\/www.sediadaufficio.it\/blog\/wp-content\/uploads\/2017\/07\/2-Fantasia-sedie-per-bambini.jpg\"><img loading=\"lazy\" decoding=\"async\" class=\"alignnone size-medium wp-image-1547\" src=\"\/\/www.sediadaufficio.it\/blog\/wp-content\/uploads\/2017\/07\/2-Fantasia-sedie-per-bambini-300x264.jpg\" alt=\"Cameretta stile fantasia - sedie per bambini\" width=\"300\" height=\"264\" srcset=\"https:\/\/www.sediadaufficio.it\/blog\/wp-content\/uploads\/2017\/07\/2-Fantasia-sedie-per-bambini-300x264.jpg 300w, https:\/\/www.sediadaufficio.it\/blog\/wp-content\/uploads\/2017\/07\/2-Fantasia-sedie-per-bambini.jpg 750w\" sizes=\"(max-width: 300px) 100vw, 300px\" \/><\/a><a href=\"\/\/www.sediadaufficio.it\/blog\/wp-content\/uploads\/2017\/07\/2-JUNIOR-COMFORT-sedie-per-bambini.jpg\"><img loading=\"lazy\" decoding=\"async\" class=\"alignnone size-medium wp-image-1548\" src=\"\/\/www.sediadaufficio.it\/blog\/wp-content\/uploads\/2017\/07\/2-JUNIOR-COMFORT-sedie-per-bambini-300x300.jpg\" alt=\"JUNIOR COMFORT - sedie per bambini stile fantasia\" width=\"300\" height=\"300\" srcset=\"https:\/\/www.sediadaufficio.it\/blog\/wp-content\/uploads\/2017\/07\/2-JUNIOR-COMFORT-sedie-per-bambini-300x300.jpg 300w, https:\/\/www.sediadaufficio.it\/blog\/wp-content\/uploads\/2017\/07\/2-JUNIOR-COMFORT-sedie-per-bambini-150x150.jpg 150w, https:\/\/www.sediadaufficio.it\/blog\/wp-content\/uploads\/2017\/07\/2-JUNIOR-COMFORT-sedie-per-bambini.jpg 500w\" sizes=\"(max-width: 300px) 100vw, 300px\" \/><\/a><\/p>\n<p>Tutti noi abbiamo sognato con l\u2019<strong>incanto delle fiabe<\/strong> e dei cartoni animati. Per portare la magia anche nella camera dei bambini, puoi scegliere un <strong>letto a castello<\/strong> che sembra un vero castello o una capanna sull\u2019albero, oppure creare una nicchia nel muro con lampade appese e tanti cuscini per passare ore in compagnia di principi, draghi e pirati. Una sedia come <a href=\"\/\/www.sediadaufficio.it\/sedia-per-bambini-junior-comfort-sedile-ergonomico-base-in-acciaio-cromato-colore-grigio--rosa.html\">JUNIOR COMFORT<\/a> sar\u00e0 il complemento perfetto: rosa per principi e principesse, rossa per re e regine.<\/p>\n<h2><strong>3) Sedie per bambini per una cameretta in stile pop<\/strong><\/h2>\n<p style=\"text-align: center;\"><a href=\"\/\/www.sediadaufficio.it\/blog\/wp-content\/uploads\/2017\/07\/3-Pop-sedie-per-bambini.jpg\"><img loading=\"lazy\" decoding=\"async\" class=\"alignnone size-medium wp-image-1550\" src=\"\/\/www.sediadaufficio.it\/blog\/wp-content\/uploads\/2017\/07\/3-Pop-sedie-per-bambini-300x240.jpg\" alt=\"Cameretta stile Pop - sedie per bambini\" width=\"300\" height=\"240\" srcset=\"https:\/\/www.sediadaufficio.it\/blog\/wp-content\/uploads\/2017\/07\/3-Pop-sedie-per-bambini-300x240.jpg 300w, https:\/\/www.sediadaufficio.it\/blog\/wp-content\/uploads\/2017\/07\/3-Pop-sedie-per-bambini-768x614.jpg 768w, https:\/\/www.sediadaufficio.it\/blog\/wp-content\/uploads\/2017\/07\/3-Pop-sedie-per-bambini.jpg 970w\" sizes=\"(max-width: 300px) 100vw, 300px\" \/><\/a><a href=\"\/\/www.sediadaufficio.it\/blog\/wp-content\/uploads\/2017\/07\/3-JUNIOR-RETE-sedie-per-bambini.jpg\"><img loading=\"lazy\" decoding=\"async\" class=\"alignnone size-medium wp-image-1549\" src=\"\/\/www.sediadaufficio.it\/blog\/wp-content\/uploads\/2017\/07\/3-JUNIOR-RETE-sedie-per-bambini-300x300.jpg\" alt=\"JUNIOR RETE - sedie per bambini stile pop\" width=\"300\" height=\"300\" srcset=\"https:\/\/www.sediadaufficio.it\/blog\/wp-content\/uploads\/2017\/07\/3-JUNIOR-RETE-sedie-per-bambini-300x300.jpg 300w, https:\/\/www.sediadaufficio.it\/blog\/wp-content\/uploads\/2017\/07\/3-JUNIOR-RETE-sedie-per-bambini-150x150.jpg 150w, https:\/\/www.sediadaufficio.it\/blog\/wp-content\/uploads\/2017\/07\/3-JUNIOR-RETE-sedie-per-bambini.jpg 500w\" sizes=\"(max-width: 300px) 100vw, 300px\" \/><\/a><\/p>\n<p>I preadolescenti iniziano gi\u00e0 ad avere le loro preferenze musicali. Le pareti della stanza potrebbero riempirsi presto delle foto di un idolo pop o di una rock band&#8230; Lo stile diventa pi\u00f9 <strong>deciso<\/strong> e con un <strong>tocco ribelle<\/strong>, e colori come nero, viola e grigio sono di gran moda. Per questo piacer\u00e0 sicuramente la sedia per bambini <a href=\"\/\/www.sediadaufficio.it\/sedia-per-scrivania-ragazzi-junior-rete-alta-qualita-schienale-in-rete-colore-viola.html\">JUNIOR RETE<\/a>, con comodo schienale in tessuto a rete traspirante.<\/p>\n<h2><strong>4) Sedie per bambini per una cameretta di stile etnico<\/strong><\/h2>\n<p style=\"text-align: center;\"><a href=\"\/\/www.sediadaufficio.it\/blog\/wp-content\/uploads\/2017\/07\/4-Etnico-sedie-per-bambini.jpg\"><img loading=\"lazy\" decoding=\"async\" class=\"alignnone size-medium wp-image-1551\" src=\"\/\/www.sediadaufficio.it\/blog\/wp-content\/uploads\/2017\/07\/4-Etnico-sedie-per-bambini-264x300.jpg\" alt=\"Stile Etnico Cameretta - sedie per bambini\" width=\"264\" height=\"300\" srcset=\"https:\/\/www.sediadaufficio.it\/blog\/wp-content\/uploads\/2017\/07\/4-Etnico-sedie-per-bambini-264x300.jpg 264w, https:\/\/www.sediadaufficio.it\/blog\/wp-content\/uploads\/2017\/07\/4-Etnico-sedie-per-bambini.jpg 675w\" sizes=\"(max-width: 264px) 100vw, 264px\" \/><\/a><a href=\"\/\/www.sediadaufficio.it\/blog\/wp-content\/uploads\/2017\/07\/4-VANDA-sedie-per-bambini.jpg\"><img loading=\"lazy\" decoding=\"async\" class=\"alignnone size-medium wp-image-1552\" src=\"\/\/www.sediadaufficio.it\/blog\/wp-content\/uploads\/2017\/07\/4-VANDA-sedie-per-bambini-300x300.jpg\" alt=\"VANDA - sedie per bambini stile etnico\" width=\"300\" height=\"300\" srcset=\"https:\/\/www.sediadaufficio.it\/blog\/wp-content\/uploads\/2017\/07\/4-VANDA-sedie-per-bambini-300x300.jpg 300w, https:\/\/www.sediadaufficio.it\/blog\/wp-content\/uploads\/2017\/07\/4-VANDA-sedie-per-bambini-150x150.jpg 150w, https:\/\/www.sediadaufficio.it\/blog\/wp-content\/uploads\/2017\/07\/4-VANDA-sedie-per-bambini.jpg 500w\" sizes=\"(max-width: 300px) 100vw, 300px\" \/><\/a><\/p>\n<p>Un\u2019ottima idea nel caso di avere figli gi\u00e0 pi\u00f9 grandi, oppure se la stessa camera verr\u00e0 condivisa da ragazzi con gusti diversi e tutti decisi ad apportare il loro tocco personale: \u00e8 l\u2019arredamento etnico, una <strong>mescolanza eclettica di stili, motivi e decorazioni<\/strong>. Completa con una <a href=\"\/\/www.sediadaufficio.it\/scrivanie-per-computer.html\">scrivania per computer<\/a> rustica e una sedia per bambini con <strong>colori a contrasto<\/strong>, come il modello <a href=\"\/\/www.sediadaufficio.it\/sedia-per-bambini-vanda-schienale-ergonomico-base-in-metallo-in-tessuto-colore-blu-e-grigio.html\">VANDA<\/a>.<\/p>\n<h2><strong>5) Sedie per bambini per una cameretta di stile boho<\/strong><\/h2>\n<p style=\"text-align: center;\"><a href=\"\/\/www.sediadaufficio.it\/blog\/wp-content\/uploads\/2017\/07\/5-Boho-sedie-per-bambini.jpg\"><img loading=\"lazy\" decoding=\"async\" class=\"alignnone size-medium wp-image-1554\" src=\"\/\/www.sediadaufficio.it\/blog\/wp-content\/uploads\/2017\/07\/5-Boho-sedie-per-bambini-300x168.jpg\" alt=\"Stile Cameretta Boho - sedie per bambini\" width=\"300\" height=\"168\" srcset=\"https:\/\/www.sediadaufficio.it\/blog\/wp-content\/uploads\/2017\/07\/5-Boho-sedie-per-bambini-300x168.jpg 300w, https:\/\/www.sediadaufficio.it\/blog\/wp-content\/uploads\/2017\/07\/5-Boho-sedie-per-bambini-768x430.jpg 768w, https:\/\/www.sediadaufficio.it\/blog\/wp-content\/uploads\/2017\/07\/5-Boho-sedie-per-bambini.jpg 960w\" sizes=\"(max-width: 300px) 100vw, 300px\" \/><\/a><a href=\"\/\/www.sediadaufficio.it\/blog\/wp-content\/uploads\/2017\/07\/5-ARTIUM-sedie-per-bambini.jpg\"><img loading=\"lazy\" decoding=\"async\" class=\"alignnone size-medium wp-image-1553\" src=\"\/\/www.sediadaufficio.it\/blog\/wp-content\/uploads\/2017\/07\/5-ARTIUM-sedie-per-bambini-300x300.jpg\" alt=\"ARTIUM - sedie per bambini stile boho\" width=\"300\" height=\"300\" srcset=\"https:\/\/www.sediadaufficio.it\/blog\/wp-content\/uploads\/2017\/07\/5-ARTIUM-sedie-per-bambini-300x300.jpg 300w, https:\/\/www.sediadaufficio.it\/blog\/wp-content\/uploads\/2017\/07\/5-ARTIUM-sedie-per-bambini-150x150.jpg 150w, https:\/\/www.sediadaufficio.it\/blog\/wp-content\/uploads\/2017\/07\/5-ARTIUM-sedie-per-bambini.jpg 500w\" sizes=\"(max-width: 300px) 100vw, 300px\" \/><\/a><\/p>\n<p>Stringhe di luci come in una festa sul prato, <strong>legno dalle tonalit\u00e0 calde<\/strong>, tessuti dai motivi floreali, cuscini&#8230; Ecco come creare un<strong> effetto boh\u00e9mien<\/strong> nella camera da letto dei bambini (o nella tua). Una sedia ergonomica come <a href=\"\/\/www.sediadaufficio.it\/sedia-ergonomica-per-bambini-artium-regolabile-al-100-alta-qualita-eta-4-15-anni-colore-nero.html\">ARTIUM<\/a> che si prenda cura del benessere dei pi\u00f9 piccoli avr\u00e0 un design moderno, ma si pu\u00f2 integrare bene nello stile boho se il colore scelto si amalgama al resto.<\/p>\n<h2><strong>6) Sedie per bambini per una cameretta in stile nordico<\/strong><\/h2>\n<p style=\"text-align: center;\"><a href=\"\/\/www.sediadaufficio.it\/blog\/wp-content\/uploads\/2017\/07\/6-Nordico-sedie-per-bambini.jpg\"><img loading=\"lazy\" decoding=\"async\" class=\"alignnone size-medium wp-image-1556\" src=\"\/\/www.sediadaufficio.it\/blog\/wp-content\/uploads\/2017\/07\/6-Nordico-sedie-per-bambini-300x201.jpg\" alt=\"Stile Cameretta Nordico - sedie per bambini\" width=\"300\" height=\"201\" srcset=\"https:\/\/www.sediadaufficio.it\/blog\/wp-content\/uploads\/2017\/07\/6-Nordico-sedie-per-bambini-300x201.jpg 300w, https:\/\/www.sediadaufficio.it\/blog\/wp-content\/uploads\/2017\/07\/6-Nordico-sedie-per-bambini-768x516.jpg 768w, https:\/\/www.sediadaufficio.it\/blog\/wp-content\/uploads\/2017\/07\/6-Nordico-sedie-per-bambini.jpg 800w\" sizes=\"(max-width: 300px) 100vw, 300px\" \/><\/a><a href=\"\/\/www.sediadaufficio.it\/blog\/wp-content\/uploads\/2017\/07\/6-BUGGY-sedie-per-bambini.jpg\"><img loading=\"lazy\" decoding=\"async\" class=\"alignnone size-medium wp-image-1555\" src=\"\/\/www.sediadaufficio.it\/blog\/wp-content\/uploads\/2017\/07\/6-BUGGY-sedie-per-bambini-300x300.jpg\" alt=\"BUGGY - sedie per bambini stile nordico\" width=\"300\" height=\"300\" srcset=\"https:\/\/www.sediadaufficio.it\/blog\/wp-content\/uploads\/2017\/07\/6-BUGGY-sedie-per-bambini-300x300.jpg 300w, https:\/\/www.sediadaufficio.it\/blog\/wp-content\/uploads\/2017\/07\/6-BUGGY-sedie-per-bambini-150x150.jpg 150w, https:\/\/www.sediadaufficio.it\/blog\/wp-content\/uploads\/2017\/07\/6-BUGGY-sedie-per-bambini.jpg 500w\" sizes=\"(max-width: 300px) 100vw, 300px\" \/><\/a><\/p>\n<p>Lo stile nordico piace a tutti e si adatta bene a qualsiasi ambiente: sar\u00e0 perch\u00e9 \u00e8 insieme semplice, funzionale, rilassante, luminoso&#8230; Assicurati di avere <strong>luce naturale<\/strong> nella cameretta e scegli di base un arredamento dai <strong>toni neutri<\/strong>, con sfumature beige e grigie. Una sedia per bambini comoda e colorata come <a href=\"\/\/www.sediadaufficio.it\/sedia-ergonomica-per-ragazzi-buggy-alta-gamma-qualita-tedesca-eta-4-16-anni-colore-verde-kiwi.html\">BUGGY<\/a> porter\u00e0 un tocco di brio all\u2019insieme, oltre ad avere caratteristiche ergonomiche avanzate per la\u00a0<a href=\"http:\/\/www.lastampa.it\/2013\/09\/13\/scienza\/benessere\/proteggere-la-schiena-dei-bambini-ecco-il-decalogo-per-la-scuola-fgANfdPNgHmzBz6FfjvcoL\/pagina.html\">postura <\/a>del bambino.<\/p>\n<h2><strong>7) Sedie per bambini per una cameretta in stile vintage<\/strong><\/h2>\n<p style=\"text-align: center;\"><a href=\"\/\/www.sediadaufficio.it\/blog\/wp-content\/uploads\/2017\/07\/7-Vintage-sedie-per-bambini.jpg\"><img loading=\"lazy\" decoding=\"async\" class=\"alignnone size-medium wp-image-1558\" src=\"\/\/www.sediadaufficio.it\/blog\/wp-content\/uploads\/2017\/07\/7-Vintage-sedie-per-bambini-300x225.jpg\" alt=\"Stile Cameretta Vintage - sedie per bambini\" width=\"300\" height=\"225\" srcset=\"https:\/\/www.sediadaufficio.it\/blog\/wp-content\/uploads\/2017\/07\/7-Vintage-sedie-per-bambini-300x225.jpg 300w, https:\/\/www.sediadaufficio.it\/blog\/wp-content\/uploads\/2017\/07\/7-Vintage-sedie-per-bambini-768x576.jpg 768w, https:\/\/www.sediadaufficio.it\/blog\/wp-content\/uploads\/2017\/07\/7-Vintage-sedie-per-bambini.jpg 970w\" sizes=\"(max-width: 300px) 100vw, 300px\" \/><\/a><a href=\"\/\/www.sediadaufficio.it\/blog\/wp-content\/uploads\/2017\/07\/7-POLO-sedie-per-bambini.jpg\"><img loading=\"lazy\" decoding=\"async\" class=\"alignnone size-medium wp-image-1557\" src=\"\/\/www.sediadaufficio.it\/blog\/wp-content\/uploads\/2017\/07\/7-POLO-sedie-per-bambini-300x300.jpg\" alt=\"POLO - sedie per bambini stile vintage\" width=\"300\" height=\"300\" srcset=\"https:\/\/www.sediadaufficio.it\/blog\/wp-content\/uploads\/2017\/07\/7-POLO-sedie-per-bambini-300x300.jpg 300w, https:\/\/www.sediadaufficio.it\/blog\/wp-content\/uploads\/2017\/07\/7-POLO-sedie-per-bambini-150x150.jpg 150w, https:\/\/www.sediadaufficio.it\/blog\/wp-content\/uploads\/2017\/07\/7-POLO-sedie-per-bambini.jpg 500w\" sizes=\"(max-width: 300px) 100vw, 300px\" \/><\/a><\/p>\n<p>Lo stile antico o vintage si addice anche alla camera dei bambini se scegli la <strong>giusta combinazione di colori e accessori<\/strong>: niente di troppo scuro, tetro o che si rompa facilmente! Sar\u00e0 un po\u2019 come ricreare la <strong>stanza della nonna<\/strong> di una volta, ma con aggiunte moderne e soluzioni pratiche come la sedia per bambini <a href=\"\/\/www.sediadaufficio.it\/sedia-ergonomica-per-bambini-polo-schienale-regolabile-adatta-a-partire-dai-4-anni-colore-nero.html\">POLO<\/a>, ergonomica e provvista di braccioli.<\/p>\n<!-- AddThis Advanced Settings generic via filter on the_content --><!-- AddThis Share Buttons generic via filter on the_content -->","protected":false},"excerpt":{"rendered":"<p>La scelta dello stile di arredamento per la stanza dei bambini \u00e8 un\u2019occasione speciale: la cameretta sar\u00e0 infatti il teatro&hellip; <a class=\"more-link\" href=\"https:\/\/www.sediadaufficio.it\/blog\/7-sedie-per-bambini-cameretta\">[+info]<\/a><\/span><!-- AddThis Advanced Settings generic via filter on get_the_excerpt --><!-- AddThis Share Buttons generic via filter on get_the_excerpt --><\/p>\n","protected":false},"author":2,"featured_media":1548,"comment_status":"open","ping_status":"open","sticky":false,"template":"","format":"standard","meta":{"footnotes":""},"categories":[14],"tags":[11,43,40,42,41],"class_list":["post-1543","post","type-post","status-publish","format-standard","has-post-thumbnail","hentry","category-sedia-bambini","tag-consigli","tag-sedie-cameretta","tag-sedie-da-scrivania-per-ragazzi","tag-sedie-da-studio","tag-sedie-per-bambini"],"yoast_head":"<!-- This site is optimized with the Yoast SEO plugin v23.1 - https:\/\/yoast.com\/wordpress\/plugins\/seo\/ -->\n<title>7 sedie per bambini per 7 tipi di cameretta<\/title>\n<meta name=\"description\" content=\"Come arredare la cameretta del bambino e che sedia abbinare? Ti proponiamo 7 stili diversi e 7 diverse sedie per bambini per darti l&#039;ispirazione giusta!\" \/>\n<meta name=\"robots\" content=\"index, follow, max-snippet:-1, max-image-preview:large, max-video-preview:-1\" \/>\n<link rel=\"canonical\" href=\"https:\/\/www.sediadaufficio.it\/blog\/7-sedie-per-bambini-cameretta\" \/>\n<meta property=\"og:locale\" content=\"it_IT\" \/>\n<meta property=\"og:type\" content=\"article\" \/>\n<meta property=\"og:title\" content=\"7 sedie per bambini per 7 tipi di cameretta\" \/>\n<meta property=\"og:description\" content=\"Come arredare la cameretta del bambino e che sedia abbinare? Ti proponiamo 7 stili diversi e 7 diverse sedie per bambini per darti l&#039;ispirazione giusta!\" \/>\n<meta property=\"og:url\" content=\"https:\/\/www.sediadaufficio.it\/blog\/7-sedie-per-bambini-cameretta\" \/>\n<meta property=\"og:site_name\" content=\"Novit\u00e0 e curiosit\u00e0 sulle sedie da ufficio - Sediadaufficio.it\" \/>\n<meta property=\"article:published_time\" content=\"2017-07-03T10:07:42+00:00\" \/>\n<meta property=\"og:image\" content=\"https:\/\/www.sediadaufficio.it\/blog\/wp-content\/uploads\/2017\/07\/2-JUNIOR-COMFORT-sedie-per-bambini.jpg\" \/>\n\t<meta property=\"og:image:width\" content=\"500\" \/>\n\t<meta property=\"og:image:height\" content=\"500\" \/>\n\t<meta property=\"og:image:type\" content=\"image\/jpeg\" \/>\n<meta name=\"author\" content=\"sediadaufficio\" \/>\n<meta name=\"twitter:label1\" content=\"Scritto da\" \/>\n\t<meta name=\"twitter:data1\" content=\"sediadaufficio\" \/>\n\t<meta name=\"twitter:label2\" content=\"Tempo di lettura stimato\" \/>\n\t<meta name=\"twitter:data2\" content=\"3 minuti\" \/>\n<!-- \/ Yoast SEO plugin. -->","yoast_head_json":{"title":"7 sedie per bambini per 7 tipi di cameretta","description":"Come arredare la cameretta del bambino e che sedia abbinare? Ti proponiamo 7 stili diversi e 7 diverse sedie per bambini per darti l'ispirazione giusta!","robots":{"index":"index","follow":"follow","max-snippet":"max-snippet:-1","max-image-preview":"max-image-preview:large","max-video-preview":"max-video-preview:-1"},"canonical":"https:\/\/www.sediadaufficio.it\/blog\/7-sedie-per-bambini-cameretta","og_locale":"it_IT","og_type":"article","og_title":"7 sedie per bambini per 7 tipi di cameretta","og_description":"Come arredare la cameretta del bambino e che sedia abbinare? Ti proponiamo 7 stili diversi e 7 diverse sedie per bambini per darti l'ispirazione giusta!","og_url":"https:\/\/www.sediadaufficio.it\/blog\/7-sedie-per-bambini-cameretta","og_site_name":"Novit\u00e0 e curiosit\u00e0 sulle sedie da ufficio - Sediadaufficio.it","article_published_time":"2017-07-03T10:07:42+00:00","og_image":[{"width":500,"height":500,"url":"https:\/\/www.sediadaufficio.it\/blog\/wp-content\/uploads\/2017\/07\/2-JUNIOR-COMFORT-sedie-per-bambini.jpg","type":"image\/jpeg"}],"author":"sediadaufficio","twitter_misc":{"Scritto da":"sediadaufficio","Tempo di lettura stimato":"3 minuti"},"schema":{"@context":"https:\/\/schema.org","@graph":[{"@type":"WebPage","@id":"https:\/\/www.sediadaufficio.it\/blog\/7-sedie-per-bambini-cameretta","url":"https:\/\/www.sediadaufficio.it\/blog\/7-sedie-per-bambini-cameretta","name":"7 sedie per bambini per 7 tipi di cameretta","isPartOf":{"@id":"https:\/\/www.sediadaufficio.it\/blog\/#website"},"primaryImageOfPage":{"@id":"https:\/\/www.sediadaufficio.it\/blog\/7-sedie-per-bambini-cameretta#primaryimage"},"image":{"@id":"https:\/\/www.sediadaufficio.it\/blog\/7-sedie-per-bambini-cameretta#primaryimage"},"thumbnailUrl":"https:\/\/www.sediadaufficio.it\/blog\/wp-content\/uploads\/2017\/07\/2-JUNIOR-COMFORT-sedie-per-bambini.jpg","datePublished":"2017-07-03T10:07:42+00:00","dateModified":"2017-07-03T10:07:42+00:00","author":{"@id":"https:\/\/www.sediadaufficio.it\/blog\/#\/schema\/person\/b626766f59ba6200f4f273f904416025"},"description":"Come arredare la cameretta del bambino e che sedia abbinare? Ti proponiamo 7 stili diversi e 7 diverse sedie per bambini per darti l'ispirazione giusta!","breadcrumb":{"@id":"https:\/\/www.sediadaufficio.it\/blog\/7-sedie-per-bambini-cameretta#breadcrumb"},"inLanguage":"it-IT","potentialAction":[{"@type":"ReadAction","target":["https:\/\/www.sediadaufficio.it\/blog\/7-sedie-per-bambini-cameretta"]}]},{"@type":"ImageObject","inLanguage":"it-IT","@id":"https:\/\/www.sediadaufficio.it\/blog\/7-sedie-per-bambini-cameretta#primaryimage","url":"https:\/\/www.sediadaufficio.it\/blog\/wp-content\/uploads\/2017\/07\/2-JUNIOR-COMFORT-sedie-per-bambini.jpg","contentUrl":"https:\/\/www.sediadaufficio.it\/blog\/wp-content\/uploads\/2017\/07\/2-JUNIOR-COMFORT-sedie-per-bambini.jpg","width":500,"height":500,"caption":"JUNIOR COMFORT - sedie per bambini stile fantasia"},{"@type":"BreadcrumbList","@id":"https:\/\/www.sediadaufficio.it\/blog\/7-sedie-per-bambini-cameretta#breadcrumb","itemListElement":[{"@type":"ListItem","position":1,"name":"Blog","item":"https:\/\/www.sediadaufficio.it\/blog"},{"@type":"ListItem","position":2,"name":"Sedie per bambini","item":"https:\/\/www.sediadaufficio.it\/blog\/categoria\/sedia-bambini"},{"@type":"ListItem","position":3,"name":"7 sedie per bambini per 7 tipi di cameretta"}]},{"@type":"WebSite","@id":"https:\/\/www.sediadaufficio.it\/blog\/#website","url":"https:\/\/www.sediadaufficio.it\/blog\/","name":"Novit\u00e0 e curiosit\u00e0 sulle sedie da ufficio - Sediadaufficio.it","description":"Nuovi materiali, tendenze di disegno e funzionalit\u00e0 rivoluzionarie delle sedie da ufficio. Scopri tutto nel nostro blog!","potentialAction":[{"@type":"SearchAction","target":{"@type":"EntryPoint","urlTemplate":"https:\/\/www.sediadaufficio.it\/blog\/?s={search_term_string}"},"query-input":"required name=search_term_string"}],"inLanguage":"it-IT"},{"@type":"Person","@id":"https:\/\/www.sediadaufficio.it\/blog\/#\/schema\/person\/b626766f59ba6200f4f273f904416025","name":"sediadaufficio","image":{"@type":"ImageObject","inLanguage":"it-IT","@id":"https:\/\/www.sediadaufficio.it\/blog\/#\/schema\/person\/image\/","url":"https:\/\/secure.gravatar.com\/avatar\/cd25dd745191a025083f9cc366bc1c78?s=96&d=mm&r=g","contentUrl":"https:\/\/secure.gravatar.com\/avatar\/cd25dd745191a025083f9cc366bc1c78?s=96&d=mm&r=g","caption":"sediadaufficio"},"sameAs":["http:\/\/blog.sediadaufficio.it\/"],"url":"https:\/\/www.sediadaufficio.it\/blog\/author\/sediadaufficio"}]}},"_links":{"self":[{"href":"https:\/\/www.sediadaufficio.it\/blog\/wp-json\/wp\/v2\/posts\/1543"}],"collection":[{"href":"https:\/\/www.sediadaufficio.it\/blog\/wp-json\/wp\/v2\/posts"}],"about":[{"href":"https:\/\/www.sediadaufficio.it\/blog\/wp-json\/wp\/v2\/types\/post"}],"author":[{"embeddable":true,"href":"https:\/\/www.sediadaufficio.it\/blog\/wp-json\/wp\/v2\/users\/2"}],"replies":[{"embeddable":true,"href":"https:\/\/www.sediadaufficio.it\/blog\/wp-json\/wp\/v2\/comments?post=1543"}],"version-history":[{"count":5,"href":"https:\/\/www.sediadaufficio.it\/blog\/wp-json\/wp\/v2\/posts\/1543\/revisions"}],"predecessor-version":[{"id":1562,"href":"https:\/\/www.sediadaufficio.it\/blog\/wp-json\/wp\/v2\/posts\/1543\/revisions\/1562"}],"wp:featuredmedia":[{"embeddable":true,"href":"https:\/\/www.sediadaufficio.it\/blog\/wp-json\/wp\/v2\/media\/1548"}],"wp:attachment":[{"href":"https:\/\/www.sediadaufficio.it\/blog\/wp-json\/wp\/v2\/media?parent=1543"}],"wp:term":[{"taxonomy":"category","embeddable":true,"href":"https:\/\/www.sediadaufficio.it\/blog\/wp-json\/wp\/v2\/categories?post=1543"},{"taxonomy":"post_tag","embeddable":true,"href":"https:\/\/www.sediadaufficio.it\/blog\/wp-json\/wp\/v2\/tags?post=1543"}],"curies":[{"name":"wp","href":"https:\/\/api.w.org\/{rel}","templated":true}]}}