{"id":1020,"date":"2016-10-17T09:27:15","date_gmt":"2016-10-17T07:27:15","guid":{"rendered":"http:\/\/www.sediadaufficio.it\/blog\/?p=1020"},"modified":"2018-04-19T11:21:00","modified_gmt":"2018-04-19T09:21:00","slug":"sedia-per-bambini-7-sedie-diverse","status":"publish","type":"post","link":"https:\/\/www.sediadaufficio.it\/blog\/sedia-per-bambini-7-sedie-diverse","title":{"rendered":"Sedia regolabile per bambini: 7 sedie per 7 personalit\u00e0"},"content":{"rendered":"<p>Perch\u00e9 comprare una <a href=\"\/\/www.sediadaufficio.it\/sedie-scrivania-per-bambini.html\">sedia regolabile per bambini<\/a>? La risposta \u00e8 semplice: la vita moderna \u00e8 sempre pi\u00f9 sedentaria, e anche i pi\u00f9 piccoli ormai passano varie ore seduti a leggere, disegnare, giocare e soprattutto&#8230; fare i compiti. \u00c8 quindi importante scegliere con attenzione una <strong>sedia per scrivania<\/strong> adatta alle necessit\u00e0 del bambino o bambina tra tutte le <a href=\"https:\/\/www.sediadaufficio.it\/sedie-da-studio\">sedie da studio<\/a> presenti sul mercato. Oggi su Sediadaufficio, con un pizzico di creativit\u00e0, ti mostriamo <strong>sette sedie per sette personalit\u00e0<\/strong>, con tutte le opzioni di regolazione e caratteristiche ergonomiche che puoi desiderare.<\/p>\n<h2>1. Ecco BUGGY, una sedia per bambini che vogliono essere gi\u00e0 grandi!<\/h2>\n<p>Il modello <a href=\"\/\/www.sediadaufficio.it\/sedia-ergonomica-per-ragazzi-buggy-alta-gamma-qualita-tedesca-eta-4-16-anni-colore-verde-kiwi.html\">BUGGY<\/a>, qui nella simpatica variante in color kiwi, \u00e8 una piccola grande sedia per chi ha fretta di crescere: infatti ti d\u00e0 la possibilit\u00e0 di regolare l&#8217;altezza dello schienale, la profondit\u00e0 del sedile e l&#8217;altezza della seduta per seguire il ragazzo mentre diventa grande, accompagnandolo nelle sue attivit\u00e0 quotidiane anche per sedersi al \u201ctavolo degli adulti\u201d.<\/p>\n<p><a href=\"\/\/www.sediadaufficio.it\/blog\/wp-content\/uploads\/2016\/10\/Sedia-regolabile-per-bambini-BUGGY.jpg\"><img loading=\"lazy\" decoding=\"async\" class=\"aligncenter wp-image-1022 size-medium\" src=\"\/\/www.sediadaufficio.it\/blog\/wp-content\/uploads\/2016\/10\/Sedia-regolabile-per-bambini-BUGGY-250x250.jpg\" alt=\"Sedia regolabile per bambini BUGGY in color kiwi, adattabile in vari livelli di altezza\" width=\"250\" height=\"250\" srcset=\"https:\/\/www.sediadaufficio.it\/blog\/wp-content\/uploads\/2016\/10\/Sedia-regolabile-per-bambini-BUGGY-250x250.jpg 250w, https:\/\/www.sediadaufficio.it\/blog\/wp-content\/uploads\/2016\/10\/Sedia-regolabile-per-bambini-BUGGY-150x150.jpg 150w, https:\/\/www.sediadaufficio.it\/blog\/wp-content\/uploads\/2016\/10\/Sedia-regolabile-per-bambini-BUGGY-120x120.jpg 120w, https:\/\/www.sediadaufficio.it\/blog\/wp-content\/uploads\/2016\/10\/Sedia-regolabile-per-bambini-BUGGY.jpg 500w\" sizes=\"(max-width: 250px) 100vw, 250px\" \/><\/a><\/p>\n<h2>2. Sedia per scrivania MAX KID, per chi ama il calcio<\/h2>\n<p>Se il tuo bambino \u00e8 un super sportivo, di certo non potr\u00e0 non desiderare la sedia <a href=\"\/\/www.sediadaufficio.it\/sedia-ergonomica-per-bambini-max-kid-prodotta-in-germania-schienale-regolabile-motivo-calciatori.html\">MAX KID<\/a> per la sua cameretta! Oltre all\u2019esclusivo motivo ispirato al mondo del calcio, questa sedia per bambini vanta un eccellente livello di qualit\u00e0 ed \u00e8 rivestita in nylon resistente per poter durare a lungo. In pi\u00f9 il sedile e lo schienale possono essere regolati in profondit\u00e0.<\/p>\n<p><a href=\"\/\/www.sediadaufficio.it\/blog\/wp-content\/uploads\/2016\/10\/Sedia-regolabile-per-bambini-MAX-KID.jpg\"><img loading=\"lazy\" decoding=\"async\" width=\"250\" height=\"250\" class=\"size-medium wp-image-1023 aligncenter\" src=\"\/\/www.sediadaufficio.it\/blog\/wp-content\/uploads\/2016\/10\/Sedia-regolabile-per-bambini-MAX-KID-250x250.jpg\" alt=\"Sedia regolabile per bambini MAX KID, con motivo blu a calciatori e altezza regolabile\" srcset=\"https:\/\/www.sediadaufficio.it\/blog\/wp-content\/uploads\/2016\/10\/Sedia-regolabile-per-bambini-MAX-KID-250x250.jpg 250w, https:\/\/www.sediadaufficio.it\/blog\/wp-content\/uploads\/2016\/10\/Sedia-regolabile-per-bambini-MAX-KID-150x150.jpg 150w, https:\/\/www.sediadaufficio.it\/blog\/wp-content\/uploads\/2016\/10\/Sedia-regolabile-per-bambini-MAX-KID-120x120.jpg 120w, https:\/\/www.sediadaufficio.it\/blog\/wp-content\/uploads\/2016\/10\/Sedia-regolabile-per-bambini-MAX-KID.jpg 500w\" sizes=\"(max-width: 250px) 100vw, 250px\" \/><\/a><\/p>\n<h2>3. Sedia ergonomica per bambini BILLY: per conquistare i romanticoni<\/h2>\n<p>Il benessere della schiena di tuo figlio \u00e8 una faccenda seria: per questo \u00e8 importante assicurarsi che la sedia da studio gli permetta l\u2019assunzione di una postura corretta fin da subito. Ma oltre al dovere c\u2019\u00e8 il piacere, soprattutto per i pi\u00f9 piccoli: per questo ti proponiamo la dolcissima sedia <a href=\"\/\/www.sediadaufficio.it\/sedia-ergonomica-per-bambini-billy-adatta-dagli-8-anni-in-su-motivo-cuori-rosa.html\">BILLY<\/a>, rivestita in cotone con motivo a cuori, adatta a bambini e bambine dagli 8 anni in su. Pratica e comoda, lascer\u00e0 loro una grande libert\u00e0 di movimento.<\/p>\n<p><a href=\"\/\/www.sediadaufficio.it\/blog\/wp-content\/uploads\/2016\/10\/Sedia-regolabile-per-bambini-BILLY.jpg\"><img loading=\"lazy\" decoding=\"async\" width=\"250\" height=\"250\" class=\"size-medium wp-image-1024 aligncenter\" src=\"\/\/www.sediadaufficio.it\/blog\/wp-content\/uploads\/2016\/10\/Sedia-regolabile-per-bambini-BILLY-250x250.jpg\" alt=\"Sedia regolabile per bambini BILLY, adatta ai romantici con motivo a cuori, resistente\" srcset=\"https:\/\/www.sediadaufficio.it\/blog\/wp-content\/uploads\/2016\/10\/Sedia-regolabile-per-bambini-BILLY-250x250.jpg 250w, https:\/\/www.sediadaufficio.it\/blog\/wp-content\/uploads\/2016\/10\/Sedia-regolabile-per-bambini-BILLY-150x150.jpg 150w, https:\/\/www.sediadaufficio.it\/blog\/wp-content\/uploads\/2016\/10\/Sedia-regolabile-per-bambini-BILLY-120x120.jpg 120w, https:\/\/www.sediadaufficio.it\/blog\/wp-content\/uploads\/2016\/10\/Sedia-regolabile-per-bambini-BILLY.jpg 500w\" sizes=\"(max-width: 250px) 100vw, 250px\" \/><\/a><\/p>\n<h2>4. E i pi\u00f9 avventurosi si lanceranno sul modello&#8230; KIDDY TOP<\/h2>\n<p>All\u2019arrembaggio! La sedia regolabile <a href=\"\/\/www.sediadaufficio.it\/sedia-ergonomica-per-bambini-kiddy-top-omologata-4h-uso-motivo-pirati.html\">KIDDY TOP<\/a> \u00e8 pensata per i bambini che viaggiano con l\u2019immaginazione&#8230; ma hanno bisogno di stare seduti alla <a href=\"\/\/www.sediadaufficio.it\/scrivanie-per-computer.html\">scrivania<\/a> a fare la lezione. Questo modello ha una base resistente, rivestimento in tessuto traspirante e la possibilit\u00e0 di regolare l\u2019altezza della seduta per adattarsi a diverse stature e differenti ripiani di lavoro.<\/p>\n<p><a href=\"\/\/www.sediadaufficio.it\/blog\/wp-content\/uploads\/2016\/10\/Sedia-regolabile-per-bambini-KIDDY-TOP.jpg\"><img loading=\"lazy\" decoding=\"async\" width=\"250\" height=\"250\" class=\"size-medium wp-image-1025 aligncenter\" src=\"\/\/www.sediadaufficio.it\/blog\/wp-content\/uploads\/2016\/10\/Sedia-regolabile-per-bambini-KIDDY-TOP-250x250.jpg\" alt=\"Sedia regolabile per bambini KIDDY TOP, con motivo a pirati, comfort e fantasia con qualit\u00e0 garantita\" srcset=\"https:\/\/www.sediadaufficio.it\/blog\/wp-content\/uploads\/2016\/10\/Sedia-regolabile-per-bambini-KIDDY-TOP-250x250.jpg 250w, https:\/\/www.sediadaufficio.it\/blog\/wp-content\/uploads\/2016\/10\/Sedia-regolabile-per-bambini-KIDDY-TOP-150x150.jpg 150w, https:\/\/www.sediadaufficio.it\/blog\/wp-content\/uploads\/2016\/10\/Sedia-regolabile-per-bambini-KIDDY-TOP-120x120.jpg 120w, https:\/\/www.sediadaufficio.it\/blog\/wp-content\/uploads\/2016\/10\/Sedia-regolabile-per-bambini-KIDDY-TOP.jpg 500w\" sizes=\"(max-width: 250px) 100vw, 250px\" \/><\/a><\/p>\n<h2>5. Il comfort della sedia KENY per chi non si fermerebbe mai un secondo<\/h2>\n<p>\u00c8 proprio difficile far restare fermo un bimbo iperattivo: ogni scusa \u00e8 buona per alzarsi dalla sedia e lasciare l\u2019esercizio di matematica a met\u00e0! Ma con la sedia <a href=\"\/\/www.sediadaufficio.it\/sedia-ergonomica-per-bambini-keny-cuscino-per-supporto-lombare-colore-nero-e-rosso.html\">KENY<\/a>, anche i pi\u00f9 irrequieti troveranno una seduta super comoda e staranno a sedere pi\u00f9 volentieri. Infatti ha un\u2019imbottitura spessa rivestita in morbido tessuto, ed \u00e8 dotata di sostegno lombare perch\u00e9 tuo figlio possa mantenere una posizione corretta.<\/p>\n<p><a href=\"\/\/www.sediadaufficio.it\/blog\/wp-content\/uploads\/2016\/10\/Sedia-regolabile-per-bambini-KENY.jpg\"><img loading=\"lazy\" decoding=\"async\" width=\"250\" height=\"250\" class=\"size-medium wp-image-1027 aligncenter\" src=\"\/\/www.sediadaufficio.it\/blog\/wp-content\/uploads\/2016\/10\/Sedia-regolabile-per-bambini-KENY-250x250.jpg\" alt=\"Sedia regolabile per bambini KENY, comodissima imbottitura rivestita in morbido tessuto\" srcset=\"https:\/\/www.sediadaufficio.it\/blog\/wp-content\/uploads\/2016\/10\/Sedia-regolabile-per-bambini-KENY-250x250.jpg 250w, https:\/\/www.sediadaufficio.it\/blog\/wp-content\/uploads\/2016\/10\/Sedia-regolabile-per-bambini-KENY-150x150.jpg 150w, https:\/\/www.sediadaufficio.it\/blog\/wp-content\/uploads\/2016\/10\/Sedia-regolabile-per-bambini-KENY-120x120.jpg 120w, https:\/\/www.sediadaufficio.it\/blog\/wp-content\/uploads\/2016\/10\/Sedia-regolabile-per-bambini-KENY.jpg 500w\" sizes=\"(max-width: 250px) 100vw, 250px\" \/><\/a><\/p>\n<h2>6. La sedia per scrivania ARTIUM, adatta ai pi\u00f9 studiosi<\/h2>\n<p>Se lo studio si prolunga per varie ore, \u00e8 consigliabile che i ragazzi possano contare su un modello di sedia adeguato, come <a href=\"\/\/www.sediadaufficio.it\/sedia-ergonomica-per-bambini-artium-regolabile-al-100-alta-qualita-eta-4-15-anni-colore-arancione.html\">ARTIUM<\/a>. \u00c8\u00a0 una sedia regolabile con funzionalit\u00e0 avanzate per garantire la salute della schiena ed evitare le cattive posture; Ha un comodo sedile imbottito e lo schienale \u00e8 dotato di meccanismo a contatto permanente. Adatta a un\u2019et\u00e0 compresa fra i 4 e i 15 anni, \u00e8 disponibilie in vari colori per tutti i gusti.<\/p>\n<p><a href=\"\/\/www.sediadaufficio.it\/blog\/wp-content\/uploads\/2016\/10\/Sedia-regolabile-per-bambini-ARTIUM.jpg\"><img loading=\"lazy\" decoding=\"async\" width=\"250\" height=\"250\" class=\"size-medium wp-image-1028 aligncenter\" src=\"\/\/www.sediadaufficio.it\/blog\/wp-content\/uploads\/2016\/10\/Sedia-regolabile-per-bambini-ARTIUM-250x250.jpg\" alt=\"Sedia regolabile per bambini ARTIUM, super funzionale con schienale in rete e meccanismo basculante\" srcset=\"https:\/\/www.sediadaufficio.it\/blog\/wp-content\/uploads\/2016\/10\/Sedia-regolabile-per-bambini-ARTIUM-250x250.jpg 250w, https:\/\/www.sediadaufficio.it\/blog\/wp-content\/uploads\/2016\/10\/Sedia-regolabile-per-bambini-ARTIUM-150x150.jpg 150w, https:\/\/www.sediadaufficio.it\/blog\/wp-content\/uploads\/2016\/10\/Sedia-regolabile-per-bambini-ARTIUM-120x120.jpg 120w, https:\/\/www.sediadaufficio.it\/blog\/wp-content\/uploads\/2016\/10\/Sedia-regolabile-per-bambini-ARTIUM.jpg 500w\" sizes=\"(max-width: 250px) 100vw, 250px\" \/><\/a><\/p>\n<h2>7. La fantasia corre veloce con RACER JUNIOR<\/h2>\n<p>Infine, per tutti i ragazzi amanti della Formula 1, presentiamo qui la sedia da studio <a href=\"\/\/www.sediadaufficio.it\/sedia-sportiva-per-bambini-modello-racer-junior-molto-robusta-rivestita-in-pelle-e-tessuto-colore-rossobianco.html\">RACER JUNIOR<\/a>. \u00c8 un modello ispirato al mondo delle auto da corsa: proprio come le sedie Gaming per i grandi, le sue forme imitano i sedili sportivi in ogni particolare, compresi gli occhielli della parte superiore. Anche i colori accesi rendono questa sedia per bambini davvero piena di grinta \u2013 come sempre, senza trascurare la comodit\u00e0 e l\u2019ergonomia.<\/p>\n<p><a href=\"\/\/www.sediadaufficio.it\/blog\/wp-content\/uploads\/2016\/10\/Sedia-regolabile-per-bambini-RACER-JUNIOR.jpg\"><img loading=\"lazy\" decoding=\"async\" width=\"250\" height=\"250\" class=\"size-medium wp-image-1029 aligncenter\" src=\"\/\/www.sediadaufficio.it\/blog\/wp-content\/uploads\/2016\/10\/Sedia-regolabile-per-bambini-RACER-JUNIOR-250x250.jpg\" alt=\"Sedia regolabile per bambini RACER JUNIOR, ispirata ai sedili di Formula1, con braccioli\" srcset=\"https:\/\/www.sediadaufficio.it\/blog\/wp-content\/uploads\/2016\/10\/Sedia-regolabile-per-bambini-RACER-JUNIOR-250x250.jpg 250w, https:\/\/www.sediadaufficio.it\/blog\/wp-content\/uploads\/2016\/10\/Sedia-regolabile-per-bambini-RACER-JUNIOR-150x150.jpg 150w, https:\/\/www.sediadaufficio.it\/blog\/wp-content\/uploads\/2016\/10\/Sedia-regolabile-per-bambini-RACER-JUNIOR-120x120.jpg 120w, https:\/\/www.sediadaufficio.it\/blog\/wp-content\/uploads\/2016\/10\/Sedia-regolabile-per-bambini-RACER-JUNIOR.jpg 500w\" sizes=\"(max-width: 250px) 100vw, 250px\" \/><\/a><\/p>\n<!-- AddThis Advanced Settings generic via filter on the_content --><!-- AddThis Share Buttons generic via filter on the_content -->","protected":false},"excerpt":{"rendered":"<p>Perch\u00e9 comprare una sedia regolabile per bambini? La risposta \u00e8 semplice: la vita moderna \u00e8 sempre pi\u00f9 sedentaria, e anche&hellip; <a class=\"more-link\" href=\"https:\/\/www.sediadaufficio.it\/blog\/sedia-per-bambini-7-sedie-diverse\">[+info]<\/a><\/span><!-- AddThis Advanced Settings generic via filter on get_the_excerpt --><!-- AddThis Share Buttons generic via filter on get_the_excerpt --><\/p>\n","protected":false},"author":2,"featured_media":1028,"comment_status":"open","ping_status":"open","sticky":false,"template":"","format":"standard","meta":{"footnotes":""},"categories":[7,14],"tags":[],"class_list":["post-1020","post","type-post","status-publish","format-standard","has-post-thumbnail","hentry","category-consigli","category-sedia-bambini"],"yoast_head":"<!-- This site is optimized with the Yoast SEO plugin v23.1 - https:\/\/yoast.com\/wordpress\/plugins\/seo\/ -->\n<title>Sedia regolabile per bambini: 7 modelli per 7 personalit\u00e0<\/title>\n<meta name=\"description\" content=\"Sedie regolabili per bambini, per la cameretta e lo studio: una serie di modelli abbinati a diverse personalit\u00e0, scegli con tuo\/a figlio\/a la pi\u00f9 adatta!\" \/>\n<meta name=\"robots\" content=\"index, follow, max-snippet:-1, max-image-preview:large, max-video-preview:-1\" \/>\n<link rel=\"canonical\" href=\"https:\/\/www.sediadaufficio.it\/blog\/sedia-per-bambini-7-sedie-diverse\" \/>\n<meta property=\"og:locale\" content=\"it_IT\" \/>\n<meta property=\"og:type\" content=\"article\" \/>\n<meta property=\"og:title\" content=\"Sedia regolabile per bambini: 7 modelli per 7 personalit\u00e0\" \/>\n<meta property=\"og:description\" content=\"Sedie regolabili per bambini, per la cameretta e lo studio: una serie di modelli abbinati a diverse personalit\u00e0, scegli con tuo\/a figlio\/a la pi\u00f9 adatta!\" \/>\n<meta property=\"og:url\" content=\"https:\/\/www.sediadaufficio.it\/blog\/sedia-per-bambini-7-sedie-diverse\" \/>\n<meta property=\"og:site_name\" content=\"Novit\u00e0 e curiosit\u00e0 sulle sedie da ufficio - Sediadaufficio.it\" \/>\n<meta property=\"article:published_time\" content=\"2016-10-17T07:27:15+00:00\" \/>\n<meta property=\"article:modified_time\" content=\"2018-04-19T09:21:00+00:00\" \/>\n<meta property=\"og:image\" content=\"https:\/\/www.sediadaufficio.it\/blog\/wp-content\/uploads\/2016\/10\/Sedia-regolabile-per-bambini-ARTIUM.jpg\" \/>\n\t<meta property=\"og:image:width\" content=\"500\" \/>\n\t<meta property=\"og:image:height\" content=\"500\" \/>\n\t<meta property=\"og:image:type\" content=\"image\/jpeg\" \/>\n<meta name=\"author\" content=\"sediadaufficio\" \/>\n<meta name=\"twitter:label1\" content=\"Scritto da\" \/>\n\t<meta name=\"twitter:data1\" content=\"sediadaufficio\" \/>\n\t<meta name=\"twitter:label2\" content=\"Tempo di lettura stimato\" \/>\n\t<meta name=\"twitter:data2\" content=\"3 minuti\" \/>\n<!-- \/ Yoast SEO plugin. -->","yoast_head_json":{"title":"Sedia regolabile per bambini: 7 modelli per 7 personalit\u00e0","description":"Sedie regolabili per bambini, per la cameretta e lo studio: una serie di modelli abbinati a diverse personalit\u00e0, scegli con tuo\/a figlio\/a la pi\u00f9 adatta!","robots":{"index":"index","follow":"follow","max-snippet":"max-snippet:-1","max-image-preview":"max-image-preview:large","max-video-preview":"max-video-preview:-1"},"canonical":"https:\/\/www.sediadaufficio.it\/blog\/sedia-per-bambini-7-sedie-diverse","og_locale":"it_IT","og_type":"article","og_title":"Sedia regolabile per bambini: 7 modelli per 7 personalit\u00e0","og_description":"Sedie regolabili per bambini, per la cameretta e lo studio: una serie di modelli abbinati a diverse personalit\u00e0, scegli con tuo\/a figlio\/a la pi\u00f9 adatta!","og_url":"https:\/\/www.sediadaufficio.it\/blog\/sedia-per-bambini-7-sedie-diverse","og_site_name":"Novit\u00e0 e curiosit\u00e0 sulle sedie da ufficio - Sediadaufficio.it","article_published_time":"2016-10-17T07:27:15+00:00","article_modified_time":"2018-04-19T09:21:00+00:00","og_image":[{"width":500,"height":500,"url":"https:\/\/www.sediadaufficio.it\/blog\/wp-content\/uploads\/2016\/10\/Sedia-regolabile-per-bambini-ARTIUM.jpg","type":"image\/jpeg"}],"author":"sediadaufficio","twitter_misc":{"Scritto da":"sediadaufficio","Tempo di lettura stimato":"3 minuti"},"schema":{"@context":"https:\/\/schema.org","@graph":[{"@type":"WebPage","@id":"https:\/\/www.sediadaufficio.it\/blog\/sedia-per-bambini-7-sedie-diverse","url":"https:\/\/www.sediadaufficio.it\/blog\/sedia-per-bambini-7-sedie-diverse","name":"Sedia regolabile per bambini: 7 modelli per 7 personalit\u00e0","isPartOf":{"@id":"https:\/\/www.sediadaufficio.it\/blog\/#website"},"primaryImageOfPage":{"@id":"https:\/\/www.sediadaufficio.it\/blog\/sedia-per-bambini-7-sedie-diverse#primaryimage"},"image":{"@id":"https:\/\/www.sediadaufficio.it\/blog\/sedia-per-bambini-7-sedie-diverse#primaryimage"},"thumbnailUrl":"https:\/\/www.sediadaufficio.it\/blog\/wp-content\/uploads\/2016\/10\/Sedia-regolabile-per-bambini-ARTIUM.jpg","datePublished":"2016-10-17T07:27:15+00:00","dateModified":"2018-04-19T09:21:00+00:00","author":{"@id":"https:\/\/www.sediadaufficio.it\/blog\/#\/schema\/person\/b626766f59ba6200f4f273f904416025"},"description":"Sedie regolabili per bambini, per la cameretta e lo studio: una serie di modelli abbinati a diverse personalit\u00e0, scegli con tuo\/a figlio\/a la pi\u00f9 adatta!","breadcrumb":{"@id":"https:\/\/www.sediadaufficio.it\/blog\/sedia-per-bambini-7-sedie-diverse#breadcrumb"},"inLanguage":"it-IT","potentialAction":[{"@type":"ReadAction","target":["https:\/\/www.sediadaufficio.it\/blog\/sedia-per-bambini-7-sedie-diverse"]}]},{"@type":"ImageObject","inLanguage":"it-IT","@id":"https:\/\/www.sediadaufficio.it\/blog\/sedia-per-bambini-7-sedie-diverse#primaryimage","url":"https:\/\/www.sediadaufficio.it\/blog\/wp-content\/uploads\/2016\/10\/Sedia-regolabile-per-bambini-ARTIUM.jpg","contentUrl":"https:\/\/www.sediadaufficio.it\/blog\/wp-content\/uploads\/2016\/10\/Sedia-regolabile-per-bambini-ARTIUM.jpg","width":500,"height":500,"caption":"Sedia regolabile per bambini ARTIUM, super funzionale con schienale in rete e meccanismo basculante"},{"@type":"BreadcrumbList","@id":"https:\/\/www.sediadaufficio.it\/blog\/sedia-per-bambini-7-sedie-diverse#breadcrumb","itemListElement":[{"@type":"ListItem","position":1,"name":"Blog","item":"https:\/\/www.sediadaufficio.it\/blog"},{"@type":"ListItem","position":2,"name":"Consigli","item":"https:\/\/www.sediadaufficio.it\/blog\/categoria\/consigli"},{"@type":"ListItem","position":3,"name":"Sedia regolabile per bambini: 7 sedie per 7 personalit\u00e0"}]},{"@type":"WebSite","@id":"https:\/\/www.sediadaufficio.it\/blog\/#website","url":"https:\/\/www.sediadaufficio.it\/blog\/","name":"Novit\u00e0 e curiosit\u00e0 sulle sedie da ufficio - Sediadaufficio.it","description":"Nuovi materiali, tendenze di disegno e funzionalit\u00e0 rivoluzionarie delle sedie da ufficio. Scopri tutto nel nostro blog!","potentialAction":[{"@type":"SearchAction","target":{"@type":"EntryPoint","urlTemplate":"https:\/\/www.sediadaufficio.it\/blog\/?s={search_term_string}"},"query-input":"required name=search_term_string"}],"inLanguage":"it-IT"},{"@type":"Person","@id":"https:\/\/www.sediadaufficio.it\/blog\/#\/schema\/person\/b626766f59ba6200f4f273f904416025","name":"sediadaufficio","image":{"@type":"ImageObject","inLanguage":"it-IT","@id":"https:\/\/www.sediadaufficio.it\/blog\/#\/schema\/person\/image\/","url":"https:\/\/secure.gravatar.com\/avatar\/cd25dd745191a025083f9cc366bc1c78?s=96&d=mm&r=g","contentUrl":"https:\/\/secure.gravatar.com\/avatar\/cd25dd745191a025083f9cc366bc1c78?s=96&d=mm&r=g","caption":"sediadaufficio"},"sameAs":["http:\/\/blog.sediadaufficio.it\/"],"url":"https:\/\/www.sediadaufficio.it\/blog\/author\/sediadaufficio"}]}},"_links":{"self":[{"href":"https:\/\/www.sediadaufficio.it\/blog\/wp-json\/wp\/v2\/posts\/1020"}],"collection":[{"href":"https:\/\/www.sediadaufficio.it\/blog\/wp-json\/wp\/v2\/posts"}],"about":[{"href":"https:\/\/www.sediadaufficio.it\/blog\/wp-json\/wp\/v2\/types\/post"}],"author":[{"embeddable":true,"href":"https:\/\/www.sediadaufficio.it\/blog\/wp-json\/wp\/v2\/users\/2"}],"replies":[{"embeddable":true,"href":"https:\/\/www.sediadaufficio.it\/blog\/wp-json\/wp\/v2\/comments?post=1020"}],"version-history":[{"count":8,"href":"https:\/\/www.sediadaufficio.it\/blog\/wp-json\/wp\/v2\/posts\/1020\/revisions"}],"predecessor-version":[{"id":2046,"href":"https:\/\/www.sediadaufficio.it\/blog\/wp-json\/wp\/v2\/posts\/1020\/revisions\/2046"}],"wp:featuredmedia":[{"embeddable":true,"href":"https:\/\/www.sediadaufficio.it\/blog\/wp-json\/wp\/v2\/media\/1028"}],"wp:attachment":[{"href":"https:\/\/www.sediadaufficio.it\/blog\/wp-json\/wp\/v2\/media?parent=1020"}],"wp:term":[{"taxonomy":"category","embeddable":true,"href":"https:\/\/www.sediadaufficio.it\/blog\/wp-json\/wp\/v2\/categories?post=1020"},{"taxonomy":"post_tag","embeddable":true,"href":"https:\/\/www.sediadaufficio.it\/blog\/wp-json\/wp\/v2\/tags?post=1020"}],"curies":[{"name":"wp","href":"https:\/\/api.w.org\/{rel}","templated":true}]}}